{"id":97,"date":"2011-03-29T07:54:39","date_gmt":"2011-03-29T07:54:39","guid":{"rendered":"https:\/\/jarnafotoklubb.se\/?p=97"},"modified":"2013-03-08T04:26:53","modified_gmt":"2013-03-08T04:26:53","slug":"fotoutstallning-i-grottan-2","status":"publish","type":"post","link":"https:\/\/jarnafotoklubb.se\/?p=97","title":{"rendered":"Fotoutst\u00e4llning i Grottan."},"content":{"rendered":"<p>Fotoutst\u00e4llningen i Grottan, medborgarhuset i Vansbro p\u00e5g\u00e5r denna vecka. Medlemmarna i J\u00e4rna Fotoklubb visar sina bilder.<br \/>\n\u00d6ppettider 28 mars-3 april.<br \/>\n<strong>M\u00e5ndag-Torsdag 17.00-19.00<br \/>\nFredag-L\u00f6rdag 11.00-13.00<br \/>\nS\u00f6ndag 15.00-17.00<\/strong><\/p>\n<p><strong>Arrang\u00f6rer: <\/strong>J\u00e4rna Fotoklubb \/ Kultur Vansbro<\/p>\n","protected":false},"excerpt":{"rendered":"<p>Fotoutst\u00e4llningen i Grottan, medborgarhuset i Vansbro p\u00e5g\u00e5r denna vecka. Medlemmarna i J\u00e4rna Fotoklubb visar sina bilder. \u00d6ppettider 28 mars-3 april. M\u00e5ndag-Torsdag 17.00-19.00 Fredag-L\u00f6rdag 11.00-13.00 S\u00f6ndag 15.00-17.00 Arrang\u00f6rer: J\u00e4rna Fotoklubb \/ Kultur Vansbro<\/p>\n","protected":false},"author":1,"featured_media":0,"comment_status":"closed","ping_status":"closed","sticky":false,"template":"","format":"standard","meta":{"footnotes":""},"categories":[3],"tags":[],"class_list":["post-97","post","type-post","status-publish","format-standard","hentry","category-klubbnytt"],"_links":{"self":[{"href":"https:\/\/jarnafotoklubb.se\/index.php?rest_route=\/wp\/v2\/posts\/97","targetHints":{"allow":["GET"]}}],"collection":[{"href":"https:\/\/jarnafotoklubb.se\/index.php?rest_route=\/wp\/v2\/posts"}],"about":[{"href":"https:\/\/jarnafotoklubb.se\/index.php?rest_route=\/wp\/v2\/types\/post"}],"author":[{"embeddable":true,"href":"https:\/\/jarnafotoklubb.se\/index.php?rest_route=\/wp\/v2\/users\/1"}],"replies":[{"embeddable":true,"href":"https:\/\/jarnafotoklubb.se\/index.php?rest_route=%2Fwp%2Fv2%2Fcomments&post=97"}],"version-history":[{"count":4,"href":"https:\/\/jarnafotoklubb.se\/index.php?rest_route=\/wp\/v2\/posts\/97\/revisions"}],"predecessor-version":[{"id":521,"href":"https:\/\/jarnafotoklubb.se\/index.php?rest_route=\/wp\/v2\/posts\/97\/revisions\/521"}],"wp:attachment":[{"href":"https:\/\/jarnafotoklubb.se\/index.php?rest_route=%2Fwp%2Fv2%2Fmedia&parent=97"}],"wp:term":[{"taxonomy":"category","embeddable":true,"href":"https:\/\/jarnafotoklubb.se\/index.php?rest_route=%2Fwp%2Fv2%2Fcategories&post=97"},{"taxonomy":"post_tag","embeddable":true,"href":"https:\/\/jarnafotoklubb.se\/index.php?rest_route=%2Fwp%2Fv2%2Ftags&post=97"}],"curies":[{"name":"wp","href":"https:\/\/api.w.org\/{rel}","templated":true}]}}