{"id":68,"date":"2011-03-08T18:00:11","date_gmt":"2011-03-08T18:00:11","guid":{"rendered":"https:\/\/jarnafotoklubb.se\/?p=68"},"modified":"2011-04-15T05:51:51","modified_gmt":"2011-04-15T05:51:51","slug":"manadens-vinnarbild","status":"publish","type":"post","link":"https:\/\/jarnafotoklubb.se\/?p=68","title":{"rendered":"M\u00e5nadens vinnarbilder."},"content":{"rendered":"<p>J\u00e4rna fotoklubb hade p\u00e5 m\u00e5ndagen, den 7\/3, m\u00e5nadsm\u00f6te med sedvanlig fotot\u00e4vling.<br \/>\nM\u00e5nadens tema var &#8221;Glitter&#8221;<br \/>\nResultatet ser ut som f\u00f6ljer:<\/p>\n<p><strong>Digitalklassen:<br \/>\n<\/strong>1. Nils-Erik Fagerberg<br \/>\n2. Arne Johansson<br \/>\n3. \u00c5sa Weidenstolpe<\/p>\n<p><strong>P\u00e5siktsklassen:<br \/>\n<\/strong>1. Mikael Nordin<br \/>\n2. Margareta Andersson<br \/>\n3. Margareta Andersson och \u00c5sa Weidenstolpe<\/p>\n<p>H\u00e4r \u00e4r vinnarbilderna.<\/p>\n<p><a href=\"https:\/\/jarnafotoklubb.se\/wp-content\/uploads\/2011\/03\/NilsErikFagerberg.jpg\" target=\"_blank\"><img loading=\"lazy\" decoding=\"async\" class=\"alignnone size-medium wp-image-69\" title=\"NilsErikFagerberg\" src=\"https:\/\/jarnafotoklubb.se\/wp-content\/uploads\/2011\/03\/NilsErikFagerberg-200x300.jpg\" alt=\"\" width=\"200\" height=\"300\" srcset=\"https:\/\/jarnafotoklubb.se\/wp-content\/uploads\/2011\/03\/NilsErikFagerberg-200x300.jpg 200w, https:\/\/jarnafotoklubb.se\/wp-content\/uploads\/2011\/03\/NilsErikFagerberg.jpg 683w\" sizes=\"auto, (max-width: 200px) 100vw, 200px\" \/><\/a><br \/>\n<em>Foto: Nils-Erik Fagerberg<\/em><\/p>\n<div><em><a href=\"https:\/\/jarnafotoklubb.se\/wp-content\/uploads\/2011\/03\/glitter.jpg\" target=\"_blank\"><img loading=\"lazy\" decoding=\"async\" class=\"alignnone size-medium wp-image-70\" title=\"glitter\" src=\"https:\/\/jarnafotoklubb.se\/wp-content\/uploads\/2011\/03\/glitter-300x212.jpg\" alt=\"\" width=\"300\" height=\"212\" srcset=\"https:\/\/jarnafotoklubb.se\/wp-content\/uploads\/2011\/03\/glitter-300x212.jpg 300w, https:\/\/jarnafotoklubb.se\/wp-content\/uploads\/2011\/03\/glitter.jpg 750w\" sizes=\"auto, (max-width: 300px) 100vw, 300px\" \/><\/a><br \/>\nFoto: Mikael Nordin<\/em><\/div>\n<p><em>\u00a0<\/p>\n<p><\/em><\/p>\n","protected":false},"excerpt":{"rendered":"<p>J\u00e4rna fotoklubb hade p\u00e5 m\u00e5ndagen, den 7\/3, m\u00e5nadsm\u00f6te med sedvanlig fotot\u00e4vling. M\u00e5nadens tema var &#8221;Glitter&#8221; Resultatet ser ut som f\u00f6ljer: Digitalklassen: 1. Nils-Erik Fagerberg 2. Arne Johansson 3. \u00c5sa Weidenstolpe P\u00e5siktsklassen: 1. Mikael Nordin 2. Margareta Andersson 3. Margareta Andersson &hellip; <a href=\"https:\/\/jarnafotoklubb.se\/?p=68\">Forts\u00e4tt l\u00e4sa <span class=\"meta-nav\">&rarr;<\/span><\/a><\/p>\n","protected":false},"author":1,"featured_media":0,"comment_status":"closed","ping_status":"closed","sticky":false,"template":"","format":"standard","meta":{"footnotes":""},"categories":[3],"tags":[],"class_list":["post-68","post","type-post","status-publish","format-standard","hentry","category-klubbnytt"],"_links":{"self":[{"href":"https:\/\/jarnafotoklubb.se\/index.php?rest_route=\/wp\/v2\/posts\/68","targetHints":{"allow":["GET"]}}],"collection":[{"href":"https:\/\/jarnafotoklubb.se\/index.php?rest_route=\/wp\/v2\/posts"}],"about":[{"href":"https:\/\/jarnafotoklubb.se\/index.php?rest_route=\/wp\/v2\/types\/post"}],"author":[{"embeddable":true,"href":"https:\/\/jarnafotoklubb.se\/index.php?rest_route=\/wp\/v2\/users\/1"}],"replies":[{"embeddable":true,"href":"https:\/\/jarnafotoklubb.se\/index.php?rest_route=%2Fwp%2Fv2%2Fcomments&post=68"}],"version-history":[{"count":4,"href":"https:\/\/jarnafotoklubb.se\/index.php?rest_route=\/wp\/v2\/posts\/68\/revisions"}],"predecessor-version":[{"id":119,"href":"https:\/\/jarnafotoklubb.se\/index.php?rest_route=\/wp\/v2\/posts\/68\/revisions\/119"}],"wp:attachment":[{"href":"https:\/\/jarnafotoklubb.se\/index.php?rest_route=%2Fwp%2Fv2%2Fmedia&parent=68"}],"wp:term":[{"taxonomy":"category","embeddable":true,"href":"https:\/\/jarnafotoklubb.se\/index.php?rest_route=%2Fwp%2Fv2%2Fcategories&post=68"},{"taxonomy":"post_tag","embeddable":true,"href":"https:\/\/jarnafotoklubb.se\/index.php?rest_route=%2Fwp%2Fv2%2Ftags&post=68"}],"curies":[{"name":"wp","href":"https:\/\/api.w.org\/{rel}","templated":true}]}}