{"id":57,"date":"2011-02-26T13:52:05","date_gmt":"2011-02-26T13:52:05","guid":{"rendered":"https:\/\/jarnafotoklubb.se\/?p=57"},"modified":"2011-04-15T05:52:58","modified_gmt":"2011-04-15T05:52:58","slug":"jarna-fotoklubbs-manadsmote","status":"publish","type":"post","link":"https:\/\/jarnafotoklubb.se\/?p=57","title":{"rendered":"J\u00e4rna fotoklubbs m\u00e5nadsm\u00f6te."},"content":{"rendered":"<p><em><strong>Kallelse till M\u00e5nadsm\u00f6te<br \/>\n<\/strong><\/em><em>den 7 mars 18:30 i klubblokalen<\/em><\/p>\n<p><strong>Extra \u00e4rende: Val av styrelse<\/strong><em>.<\/em><\/p>\n","protected":false},"excerpt":{"rendered":"<p>Kallelse till M\u00e5nadsm\u00f6te den 7 mars 18:30 i klubblokalen Extra \u00e4rende: Val av styrelse.<\/p>\n","protected":false},"author":1,"featured_media":0,"comment_status":"closed","ping_status":"closed","sticky":false,"template":"","format":"standard","meta":{"footnotes":""},"categories":[3],"tags":[],"class_list":["post-57","post","type-post","status-publish","format-standard","hentry","category-klubbnytt"],"_links":{"self":[{"href":"https:\/\/jarnafotoklubb.se\/index.php?rest_route=\/wp\/v2\/posts\/57","targetHints":{"allow":["GET"]}}],"collection":[{"href":"https:\/\/jarnafotoklubb.se\/index.php?rest_route=\/wp\/v2\/posts"}],"about":[{"href":"https:\/\/jarnafotoklubb.se\/index.php?rest_route=\/wp\/v2\/types\/post"}],"author":[{"embeddable":true,"href":"https:\/\/jarnafotoklubb.se\/index.php?rest_route=\/wp\/v2\/users\/1"}],"replies":[{"embeddable":true,"href":"https:\/\/jarnafotoklubb.se\/index.php?rest_route=%2Fwp%2Fv2%2Fcomments&post=57"}],"version-history":[{"count":3,"href":"https:\/\/jarnafotoklubb.se\/index.php?rest_route=\/wp\/v2\/posts\/57\/revisions"}],"predecessor-version":[{"id":125,"href":"https:\/\/jarnafotoklubb.se\/index.php?rest_route=\/wp\/v2\/posts\/57\/revisions\/125"}],"wp:attachment":[{"href":"https:\/\/jarnafotoklubb.se\/index.php?rest_route=%2Fwp%2Fv2%2Fmedia&parent=57"}],"wp:term":[{"taxonomy":"category","embeddable":true,"href":"https:\/\/jarnafotoklubb.se\/index.php?rest_route=%2Fwp%2Fv2%2Fcategories&post=57"},{"taxonomy":"post_tag","embeddable":true,"href":"https:\/\/jarnafotoklubb.se\/index.php?rest_route=%2Fwp%2Fv2%2Ftags&post=57"}],"curies":[{"name":"wp","href":"https:\/\/api.w.org\/{rel}","templated":true}]}}