{"id":52,"date":"2011-02-23T19:28:17","date_gmt":"2011-02-23T19:28:17","guid":{"rendered":"https:\/\/jarnafotoklubb.se\/?p=52"},"modified":"2011-02-23T19:28:17","modified_gmt":"2011-02-23T19:28:17","slug":"david-bailey-i-k-special","status":"publish","type":"post","link":"https:\/\/jarnafotoklubb.se\/?p=52","title":{"rendered":"David Bailey i K-special"},"content":{"rendered":"<p><em><strong>TV-tips!<\/strong><\/em><\/p>\n<p><strong>Bailey<\/strong> har tagit m\u00e5nga av de definitiva portr\u00e4tten av storheter som <strong>Beatles<\/strong>, <strong>Rolling Stones<\/strong>, <strong>Marianne Faithfull<\/strong> och <strong>Catherine Deneuve<\/strong>. I detta unika portr\u00e4tt ser vi att han vid sjuttio \u00e5rs \u00e5lder fortfarande \u00e4r coolast av de coola.<\/p>\n<p><strong>S\u00e4ndningstider: David Bailey<\/strong><br \/>\nSVT2 Fredag 25 feb 2011 kl 20.00<br \/>\nSVT2 Tisdag 1 mar 2011 kl 22.45<\/p>\n<ul>\n<li><a href=\"http:\/\/www.david-bailey.co.uk\/\" target=\"_blank\">David Baileys fotografier<\/a><\/li>\n<\/ul>\n","protected":false},"excerpt":{"rendered":"<p>TV-tips! Bailey har tagit m\u00e5nga av de definitiva portr\u00e4tten av storheter som Beatles, Rolling Stones, Marianne Faithfull och Catherine Deneuve. I detta unika portr\u00e4tt ser vi att han vid sjuttio \u00e5rs \u00e5lder fortfarande \u00e4r coolast av de coola. S\u00e4ndningstider: David &hellip; <a href=\"https:\/\/jarnafotoklubb.se\/?p=52\">Forts\u00e4tt l\u00e4sa <span class=\"meta-nav\">&rarr;<\/span><\/a><\/p>\n","protected":false},"author":1,"featured_media":0,"comment_status":"closed","ping_status":"closed","sticky":false,"template":"","format":"standard","meta":{"footnotes":""},"categories":[1],"tags":[],"class_list":["post-52","post","type-post","status-publish","format-standard","hentry","category-okategoriserade"],"_links":{"self":[{"href":"https:\/\/jarnafotoklubb.se\/index.php?rest_route=\/wp\/v2\/posts\/52","targetHints":{"allow":["GET"]}}],"collection":[{"href":"https:\/\/jarnafotoklubb.se\/index.php?rest_route=\/wp\/v2\/posts"}],"about":[{"href":"https:\/\/jarnafotoklubb.se\/index.php?rest_route=\/wp\/v2\/types\/post"}],"author":[{"embeddable":true,"href":"https:\/\/jarnafotoklubb.se\/index.php?rest_route=\/wp\/v2\/users\/1"}],"replies":[{"embeddable":true,"href":"https:\/\/jarnafotoklubb.se\/index.php?rest_route=%2Fwp%2Fv2%2Fcomments&post=52"}],"version-history":[{"count":4,"href":"https:\/\/jarnafotoklubb.se\/index.php?rest_route=\/wp\/v2\/posts\/52\/revisions"}],"predecessor-version":[{"id":56,"href":"https:\/\/jarnafotoklubb.se\/index.php?rest_route=\/wp\/v2\/posts\/52\/revisions\/56"}],"wp:attachment":[{"href":"https:\/\/jarnafotoklubb.se\/index.php?rest_route=%2Fwp%2Fv2%2Fmedia&parent=52"}],"wp:term":[{"taxonomy":"category","embeddable":true,"href":"https:\/\/jarnafotoklubb.se\/index.php?rest_route=%2Fwp%2Fv2%2Fcategories&post=52"},{"taxonomy":"post_tag","embeddable":true,"href":"https:\/\/jarnafotoklubb.se\/index.php?rest_route=%2Fwp%2Fv2%2Ftags&post=52"}],"curies":[{"name":"wp","href":"https:\/\/api.w.org\/{rel}","templated":true}]}}