{"id":44,"date":"2011-02-15T18:46:58","date_gmt":"2011-02-15T18:46:58","guid":{"rendered":"https:\/\/jarnafotoklubb.se\/?p=44"},"modified":"2011-04-15T05:53:09","modified_gmt":"2011-04-15T05:53:09","slug":"fotoutstallning-i-grottan","status":"publish","type":"post","link":"https:\/\/jarnafotoklubb.se\/?p=44","title":{"rendered":"Fotoutst\u00e4llning i grottan"},"content":{"rendered":"<p>S\u00f6ndag 27 mars t.o.m s\u00f6ndag 3 april har vi fotoutst\u00e4llning i Grottan i medborgarhuset i Vansbro.<br \/>\nNi som har bilder att st\u00e4lla ut, kontakta \u00c5sa Weidenstolpe, tel. 073-7039844.<\/p>\n","protected":false},"excerpt":{"rendered":"<p>S\u00f6ndag 27 mars t.o.m s\u00f6ndag 3 april har vi fotoutst\u00e4llning i Grottan i medborgarhuset i Vansbro. Ni som har bilder att st\u00e4lla ut, kontakta \u00c5sa Weidenstolpe, tel. 073-7039844.<\/p>\n","protected":false},"author":1,"featured_media":0,"comment_status":"closed","ping_status":"closed","sticky":false,"template":"","format":"standard","meta":{"footnotes":""},"categories":[3],"tags":[],"class_list":["post-44","post","type-post","status-publish","format-standard","hentry","category-klubbnytt"],"_links":{"self":[{"href":"https:\/\/jarnafotoklubb.se\/index.php?rest_route=\/wp\/v2\/posts\/44","targetHints":{"allow":["GET"]}}],"collection":[{"href":"https:\/\/jarnafotoklubb.se\/index.php?rest_route=\/wp\/v2\/posts"}],"about":[{"href":"https:\/\/jarnafotoklubb.se\/index.php?rest_route=\/wp\/v2\/types\/post"}],"author":[{"embeddable":true,"href":"https:\/\/jarnafotoklubb.se\/index.php?rest_route=\/wp\/v2\/users\/1"}],"replies":[{"embeddable":true,"href":"https:\/\/jarnafotoklubb.se\/index.php?rest_route=%2Fwp%2Fv2%2Fcomments&post=44"}],"version-history":[{"count":5,"href":"https:\/\/jarnafotoklubb.se\/index.php?rest_route=\/wp\/v2\/posts\/44\/revisions"}],"predecessor-version":[{"id":126,"href":"https:\/\/jarnafotoklubb.se\/index.php?rest_route=\/wp\/v2\/posts\/44\/revisions\/126"}],"wp:attachment":[{"href":"https:\/\/jarnafotoklubb.se\/index.php?rest_route=%2Fwp%2Fv2%2Fmedia&parent=44"}],"wp:term":[{"taxonomy":"category","embeddable":true,"href":"https:\/\/jarnafotoklubb.se\/index.php?rest_route=%2Fwp%2Fv2%2Fcategories&post=44"},{"taxonomy":"post_tag","embeddable":true,"href":"https:\/\/jarnafotoklubb.se\/index.php?rest_route=%2Fwp%2Fv2%2Ftags&post=44"}],"curies":[{"name":"wp","href":"https:\/\/api.w.org\/{rel}","templated":true}]}}