{"id":33,"date":"2011-02-11T20:20:40","date_gmt":"2011-02-11T20:20:40","guid":{"rendered":"https:\/\/jarnafotoklubb.se\/?p=33"},"modified":"2011-02-11T20:20:40","modified_gmt":"2011-02-11T20:20:40","slug":"klubbmastare-arets-fotograf-2010","status":"publish","type":"post","link":"https:\/\/jarnafotoklubb.se\/?p=33","title":{"rendered":"Klubbm\u00e4stare &#8211; \u00c5rets fotograf 2010"},"content":{"rendered":"<p>P\u00e5 \u00e5rsm\u00f6tet korades klubbm\u00e4stare i de olika t\u00e4vlingsklasserna samt \u00e5rets fotograf i J\u00e4rna fotoklubb.<\/p>\n<p><strong>Digitalklassen:<\/strong><\/p>\n<p>1. Arne Johansson<br \/>\n2. \u00c5sa Weidenstolpe<br \/>\n3. Solveig Granstr\u00f6m<br \/>\n3. Lars Dahlstr\u00f6m<br \/>\n3. Henrik K\u00e4llb\u00e4cks<\/p>\n<p><strong>F\u00e4rg p\u00e5sikt:<\/strong><\/p>\n<p>1. \u00c5sa Weidenstolpe<br \/>\n2. Gunnel Dahlstr\u00f6m<br \/>\n3. Henrik K\u00e4llb\u00e4cks<\/p>\n<p><strong>Svart\/vitt:<\/strong><\/p>\n<p>1. \u00c5sa Weidenstolpe<br \/>\n2. Mikael Nordin<br \/>\n3. Lars Dahlstr\u00f6m<\/p>\n<p><strong>\u00c5rets fotograf:<\/strong><\/p>\n<p>1. \u00c5sa Weidenstolpe<br \/>\n2. Mikael Nordin<br \/>\n3. Arne Johansson<\/p>\n<p>GRATTIS!<\/p>\n","protected":false},"excerpt":{"rendered":"<p>P\u00e5 \u00e5rsm\u00f6tet korades klubbm\u00e4stare i de olika t\u00e4vlingsklasserna samt \u00e5rets fotograf i J\u00e4rna fotoklubb. Digitalklassen: 1. Arne Johansson 2. \u00c5sa Weidenstolpe 3. Solveig Granstr\u00f6m 3. Lars Dahlstr\u00f6m 3. Henrik K\u00e4llb\u00e4cks F\u00e4rg p\u00e5sikt: 1. \u00c5sa Weidenstolpe 2. Gunnel Dahlstr\u00f6m 3. Henrik &hellip; <a href=\"https:\/\/jarnafotoklubb.se\/?p=33\">Forts\u00e4tt l\u00e4sa <span class=\"meta-nav\">&rarr;<\/span><\/a><\/p>\n","protected":false},"author":1,"featured_media":0,"comment_status":"closed","ping_status":"closed","sticky":false,"template":"","format":"standard","meta":{"footnotes":""},"categories":[3],"tags":[],"class_list":["post-33","post","type-post","status-publish","format-standard","hentry","category-klubbnytt"],"_links":{"self":[{"href":"https:\/\/jarnafotoklubb.se\/index.php?rest_route=\/wp\/v2\/posts\/33","targetHints":{"allow":["GET"]}}],"collection":[{"href":"https:\/\/jarnafotoklubb.se\/index.php?rest_route=\/wp\/v2\/posts"}],"about":[{"href":"https:\/\/jarnafotoklubb.se\/index.php?rest_route=\/wp\/v2\/types\/post"}],"author":[{"embeddable":true,"href":"https:\/\/jarnafotoklubb.se\/index.php?rest_route=\/wp\/v2\/users\/1"}],"replies":[{"embeddable":true,"href":"https:\/\/jarnafotoklubb.se\/index.php?rest_route=%2Fwp%2Fv2%2Fcomments&post=33"}],"version-history":[{"count":2,"href":"https:\/\/jarnafotoklubb.se\/index.php?rest_route=\/wp\/v2\/posts\/33\/revisions"}],"predecessor-version":[{"id":35,"href":"https:\/\/jarnafotoklubb.se\/index.php?rest_route=\/wp\/v2\/posts\/33\/revisions\/35"}],"wp:attachment":[{"href":"https:\/\/jarnafotoklubb.se\/index.php?rest_route=%2Fwp%2Fv2%2Fmedia&parent=33"}],"wp:term":[{"taxonomy":"category","embeddable":true,"href":"https:\/\/jarnafotoklubb.se\/index.php?rest_route=%2Fwp%2Fv2%2Fcategories&post=33"},{"taxonomy":"post_tag","embeddable":true,"href":"https:\/\/jarnafotoklubb.se\/index.php?rest_route=%2Fwp%2Fv2%2Ftags&post=33"}],"curies":[{"name":"wp","href":"https:\/\/api.w.org\/{rel}","templated":true}]}}