{"id":2980,"date":"2026-08-30T08:50:47","date_gmt":"2026-08-30T08:50:47","guid":{"rendered":"https:\/\/jarnafotoklubb.se\/?p=2980"},"modified":"2026-08-30T08:50:47","modified_gmt":"2026-08-30T08:50:47","slug":"september-manad","status":"publish","type":"post","link":"https:\/\/jarnafotoklubb.se\/?p=2980","title":{"rendered":"September m\u00e5nad"},"content":{"rendered":"<p>H\u00f6sten n\u00e4rmar sig med stormsteg och jag tycker det redan b\u00f6rjar k\u00e4nnas ganska h\u00f6stigt. Men samtidigt kan h\u00f6sten vara v\u00e4ldigt fin med &#8211; fina f\u00e4rger att fotografera t.ex.<\/p>\n<p>I september b\u00f6rjar vi med en tr\u00e4ff onsdag den 2\/9 kl. 16.00 i klubblokalen. D\u00e5 v\u00e4ljer vi ut bilder till utst\u00e4llningen som \u00e4r p\u00e5 l\u00f6rdag den 5\/9. Vi kommer inte att vara i JaJ\u00e4rnas lokal, utan d\u00e4r Elins H\u00e5r &amp; Harmoni var tidigare, i huset p\u00e5 andra sidan v\u00e4gen mitt emot Hemk\u00f6p.<br \/>\nMer info om utst\u00e4llningen kommer efter onsdagens tr\u00e4ff.<\/p>\n<p><strong>M\u00e5nadsm\u00f6te<\/strong><br \/>\nDet \u00e4r ocks\u00e5 dags f\u00f6r det f\u00f6rsta ordinarie m\u00e5nadsm\u00f6tet f\u00f6r h\u00f6sten. Det g\u00e5r av stapeln s\u00f6ndag den 6\/9 kl. 16.00 i klubblokalen. Naturligtvis ska vi ha m\u00e5nadens bildt\u00e4vling ocks\u00e5 &#8211; temat f\u00f6r den \u00e4r &#8221;B\u00c4R&#8221;, som alltid fritt tolkat.<br \/>\nVill du vara med och t\u00e4vla i m\u00e5nadens bildt\u00e4vling s\u00e5 mejlar du dina bidrag till info(a)jarnafotoklubb.se senast midnatt dagen innan. Max 2 bilder\/person och du beh\u00f6ver inte \u00e4ndra storlek (som vi fick lov att g\u00f6ra tidigare).<\/p>\n<p><em>Varmt v\u00e4lkommen!<\/em><\/p>\n","protected":false},"excerpt":{"rendered":"<p>H\u00f6sten n\u00e4rmar sig med stormsteg och jag tycker det redan b\u00f6rjar k\u00e4nnas ganska h\u00f6stigt. Men samtidigt kan h\u00f6sten vara v\u00e4ldigt fin med &#8211; fina f\u00e4rger att fotografera t.ex. I september b\u00f6rjar vi med en tr\u00e4ff onsdag den 2\/9 kl. 16.00 &hellip; <a href=\"https:\/\/jarnafotoklubb.se\/?p=2980\">Forts\u00e4tt l\u00e4sa <span class=\"meta-nav\">&rarr;<\/span><\/a><\/p>\n","protected":false},"author":1,"featured_media":0,"comment_status":"closed","ping_status":"closed","sticky":false,"template":"","format":"standard","meta":{"footnotes":""},"categories":[3],"tags":[],"class_list":["post-2980","post","type-post","status-publish","format-standard","hentry","category-klubbnytt"],"_links":{"self":[{"href":"https:\/\/jarnafotoklubb.se\/index.php?rest_route=\/wp\/v2\/posts\/2980","targetHints":{"allow":["GET"]}}],"collection":[{"href":"https:\/\/jarnafotoklubb.se\/index.php?rest_route=\/wp\/v2\/posts"}],"about":[{"href":"https:\/\/jarnafotoklubb.se\/index.php?rest_route=\/wp\/v2\/types\/post"}],"author":[{"embeddable":true,"href":"https:\/\/jarnafotoklubb.se\/index.php?rest_route=\/wp\/v2\/users\/1"}],"replies":[{"embeddable":true,"href":"https:\/\/jarnafotoklubb.se\/index.php?rest_route=%2Fwp%2Fv2%2Fcomments&post=2980"}],"version-history":[{"count":1,"href":"https:\/\/jarnafotoklubb.se\/index.php?rest_route=\/wp\/v2\/posts\/2980\/revisions"}],"predecessor-version":[{"id":2981,"href":"https:\/\/jarnafotoklubb.se\/index.php?rest_route=\/wp\/v2\/posts\/2980\/revisions\/2981"}],"wp:attachment":[{"href":"https:\/\/jarnafotoklubb.se\/index.php?rest_route=%2Fwp%2Fv2%2Fmedia&parent=2980"}],"wp:term":[{"taxonomy":"category","embeddable":true,"href":"https:\/\/jarnafotoklubb.se\/index.php?rest_route=%2Fwp%2Fv2%2Fcategories&post=2980"},{"taxonomy":"post_tag","embeddable":true,"href":"https:\/\/jarnafotoklubb.se\/index.php?rest_route=%2Fwp%2Fv2%2Ftags&post=2980"}],"curies":[{"name":"wp","href":"https:\/\/api.w.org\/{rel}","templated":true}]}}