{"id":2977,"date":"2026-08-12T16:23:48","date_gmt":"2026-08-12T16:23:48","guid":{"rendered":"https:\/\/jarnafotoklubb.se\/?p=2977"},"modified":"2026-08-12T16:23:48","modified_gmt":"2026-08-12T16:23:48","slug":"16-augusti-kl-16","status":"publish","type":"post","link":"https:\/\/jarnafotoklubb.se\/?p=2977","title":{"rendered":"16 augusti kl 16"},"content":{"rendered":"<p>Ja, d\u00e5 g\u00e5r sommaren mot sitt slut, semestrar och sommarlov \u00e4r snart \u00f6ver och livet \u00e5terg\u00e5r till den vanliga vardagliga lunken.<\/p>\n<p>Fotoklubben brukar ha en upptaktstr\u00e4ff vid Rygg\u00e5sstugan i Sn\u00f6\u00e5n f\u00f6rsta veckan i augusti. Tyv\u00e4rr blev det ingen s\u00e5dan tr\u00e4ff i \u00e5r d\u00e5 jag, och tillika ordf\u00f6rande, var bortrest och v\u00e4ntade p\u00e5 att bli mormor. Och det blev jag ocks\u00e5, \u00e4ven om det blev n\u00e5gra dagar senare \u00e4n det var t\u00e4nkt.<\/p>\n<p>S\u00e5 upptaktstr\u00e4ffen i \u00e5r blev inte vid Rygg\u00e5sstugan, men jag tycker att vi tar en snabb tr\u00e4ff nu p\u00e5 s\u00f6ndag den 16 augusti kl 16 i klubblokalen.<\/p>\n<p>Kom om du kan!<\/p>\n<p>V\u00e4lkommen!<\/p>\n<p>Mvh<\/p>\n<p>Anki<\/p>\n<p>&nbsp;<\/p>\n","protected":false},"excerpt":{"rendered":"<p>Ja, d\u00e5 g\u00e5r sommaren mot sitt slut, semestrar och sommarlov \u00e4r snart \u00f6ver och livet \u00e5terg\u00e5r till den vanliga vardagliga lunken. Fotoklubben brukar ha en upptaktstr\u00e4ff vid Rygg\u00e5sstugan i Sn\u00f6\u00e5n f\u00f6rsta veckan i augusti. Tyv\u00e4rr blev det ingen s\u00e5dan tr\u00e4ff &hellip; <a href=\"https:\/\/jarnafotoklubb.se\/?p=2977\">Forts\u00e4tt l\u00e4sa <span class=\"meta-nav\">&rarr;<\/span><\/a><\/p>\n","protected":false},"author":1,"featured_media":0,"comment_status":"closed","ping_status":"closed","sticky":false,"template":"","format":"standard","meta":{"footnotes":""},"categories":[3],"tags":[],"class_list":["post-2977","post","type-post","status-publish","format-standard","hentry","category-klubbnytt"],"_links":{"self":[{"href":"https:\/\/jarnafotoklubb.se\/index.php?rest_route=\/wp\/v2\/posts\/2977","targetHints":{"allow":["GET"]}}],"collection":[{"href":"https:\/\/jarnafotoklubb.se\/index.php?rest_route=\/wp\/v2\/posts"}],"about":[{"href":"https:\/\/jarnafotoklubb.se\/index.php?rest_route=\/wp\/v2\/types\/post"}],"author":[{"embeddable":true,"href":"https:\/\/jarnafotoklubb.se\/index.php?rest_route=\/wp\/v2\/users\/1"}],"replies":[{"embeddable":true,"href":"https:\/\/jarnafotoklubb.se\/index.php?rest_route=%2Fwp%2Fv2%2Fcomments&post=2977"}],"version-history":[{"count":1,"href":"https:\/\/jarnafotoklubb.se\/index.php?rest_route=\/wp\/v2\/posts\/2977\/revisions"}],"predecessor-version":[{"id":2978,"href":"https:\/\/jarnafotoklubb.se\/index.php?rest_route=\/wp\/v2\/posts\/2977\/revisions\/2978"}],"wp:attachment":[{"href":"https:\/\/jarnafotoklubb.se\/index.php?rest_route=%2Fwp%2Fv2%2Fmedia&parent=2977"}],"wp:term":[{"taxonomy":"category","embeddable":true,"href":"https:\/\/jarnafotoklubb.se\/index.php?rest_route=%2Fwp%2Fv2%2Fcategories&post=2977"},{"taxonomy":"post_tag","embeddable":true,"href":"https:\/\/jarnafotoklubb.se\/index.php?rest_route=%2Fwp%2Fv2%2Ftags&post=2977"}],"curies":[{"name":"wp","href":"https:\/\/api.w.org\/{rel}","templated":true}]}}