{"id":285,"date":"2012-05-11T04:18:28","date_gmt":"2012-05-11T04:18:28","guid":{"rendered":"https:\/\/jarnafotoklubb.se\/?p=285"},"modified":"2012-05-11T10:16:19","modified_gmt":"2012-05-11T10:16:19","slug":"dala-jarna-fotoklubb-far-2012-ars-kulturpris","status":"publish","type":"post","link":"https:\/\/jarnafotoklubb.se\/?p=285","title":{"rendered":"J\u00e4rna Fotoklubb f\u00e5r 2012 \u00e5rs kulturpris"},"content":{"rendered":"<p><strong>Vansbro kommuns kulturpris f\u00f6r \u00e5r 2012 g\u00e5r till J\u00e4rna Fotoklubb!<\/strong><br \/>\nPrissumman \u00e4r p\u00e5 10 000 kr och kommer att delas ut vid firandet p\u00e5 nationaldagen.<\/p>\n<p>L\u00e4s mer Vansbro kommuns <a href=\"http:\/\/www.vansbro.se\/nyheter\/ovrig-info\/2012\/05\/dala-jarna-fotoklubb-far-2012-ars-kulturpris\" target=\"_blank\">hemsida<\/a><\/p>\n","protected":false},"excerpt":{"rendered":"<p>Vansbro kommuns kulturpris f\u00f6r \u00e5r 2012 g\u00e5r till J\u00e4rna Fotoklubb! Prissumman \u00e4r p\u00e5 10 000 kr och kommer att delas ut vid firandet p\u00e5 nationaldagen. L\u00e4s mer Vansbro kommuns hemsida<\/p>\n","protected":false},"author":1,"featured_media":0,"comment_status":"open","ping_status":"closed","sticky":false,"template":"","format":"standard","meta":{"footnotes":""},"categories":[3],"tags":[],"class_list":["post-285","post","type-post","status-publish","format-standard","hentry","category-klubbnytt"],"_links":{"self":[{"href":"https:\/\/jarnafotoklubb.se\/index.php?rest_route=\/wp\/v2\/posts\/285","targetHints":{"allow":["GET"]}}],"collection":[{"href":"https:\/\/jarnafotoklubb.se\/index.php?rest_route=\/wp\/v2\/posts"}],"about":[{"href":"https:\/\/jarnafotoklubb.se\/index.php?rest_route=\/wp\/v2\/types\/post"}],"author":[{"embeddable":true,"href":"https:\/\/jarnafotoklubb.se\/index.php?rest_route=\/wp\/v2\/users\/1"}],"replies":[{"embeddable":true,"href":"https:\/\/jarnafotoklubb.se\/index.php?rest_route=%2Fwp%2Fv2%2Fcomments&post=285"}],"version-history":[{"count":6,"href":"https:\/\/jarnafotoklubb.se\/index.php?rest_route=\/wp\/v2\/posts\/285\/revisions"}],"predecessor-version":[{"id":289,"href":"https:\/\/jarnafotoklubb.se\/index.php?rest_route=\/wp\/v2\/posts\/285\/revisions\/289"}],"wp:attachment":[{"href":"https:\/\/jarnafotoklubb.se\/index.php?rest_route=%2Fwp%2Fv2%2Fmedia&parent=285"}],"wp:term":[{"taxonomy":"category","embeddable":true,"href":"https:\/\/jarnafotoklubb.se\/index.php?rest_route=%2Fwp%2Fv2%2Fcategories&post=285"},{"taxonomy":"post_tag","embeddable":true,"href":"https:\/\/jarnafotoklubb.se\/index.php?rest_route=%2Fwp%2Fv2%2Ftags&post=285"}],"curies":[{"name":"wp","href":"https:\/\/api.w.org\/{rel}","templated":true}]}}