{"id":245,"date":"2012-05-08T15:48:07","date_gmt":"2012-05-08T15:48:07","guid":{"rendered":"https:\/\/jarnafotoklubb.se\/?p=245"},"modified":"2012-05-11T04:13:46","modified_gmt":"2012-05-11T04:13:46","slug":"manadstavling-maj","status":"publish","type":"post","link":"https:\/\/jarnafotoklubb.se\/?p=245","title":{"rendered":"M\u00e5nadst\u00e4vling Maj"},"content":{"rendered":"<p>\u00c5rets\u00a0fj\u00e4rde klubbt\u00e4vling \u00e4r genomf\u00f6rd. Temat var &#8221;Rost&#8221; och resultatet blev s\u00e5 h\u00e4r:<\/p>\n<p>Digitalklassen:<br \/>\n1.\u00a0Nils-Erik Fagerberg<br \/>\n2. Bosse Olsson<br \/>\n3. Solveig Granstr\u00f6m<\/p>\n<p>P\u00e5siktsklassen:<br \/>\n1. Gunnel Dahlstr\u00f6m<br \/>\n2. Lars Dahlstr\u00f6m<br \/>\n3. Arne Johansson<\/p>\n<p>Vinnarbilden i digitalklassen.<\/p>\n<p><a href=\"https:\/\/jarnafotoklubb.se\/wp-content\/uploads\/2012\/05\/Nils-Erik-Fagerberg-Rost.jpg\"><img loading=\"lazy\" decoding=\"async\" class=\"alignnone size-medium wp-image-246\" title=\"Nils-Erik Fagerberg Rost\" src=\"https:\/\/jarnafotoklubb.se\/wp-content\/uploads\/2012\/05\/Nils-Erik-Fagerberg-Rost-300x208.jpg\" alt=\"\" width=\"300\" height=\"208\" srcset=\"https:\/\/jarnafotoklubb.se\/wp-content\/uploads\/2012\/05\/Nils-Erik-Fagerberg-Rost-300x208.jpg 300w, https:\/\/jarnafotoklubb.se\/wp-content\/uploads\/2012\/05\/Nils-Erik-Fagerberg-Rost.jpg 1024w\" sizes=\"auto, (max-width: 300px) 100vw, 300px\" \/><\/a><br \/>\n<em>Foto: Nils-Erik Fagerberg<\/em><\/p>\n<p>I P\u00e5siktsklassen delas ledningen mellan Gunnel Dahlstr\u00f6m och Lars Dahlstr\u00f6m medan Nils-Erik Fagerberg\u00a0 h\u00e5ller 3:e platsen.<\/p>\n<p>\u00c5terst\u00e5r ytterligare 4 delt\u00e4vlingar innan klubbm\u00e4starna i respektive klass kan utses. N\u00e4sta t\u00e4vling kommer i september p\u00e5 tema <strong><span style=\"text-decoration: underline;\">SPEGELBILD.<\/span><\/strong><\/p>\n<p>Nu g\u00f6r vi ett uppeh\u00e5ll till augusti d\u00e5 vi tr\u00e4ffas f\u00f6r att l\u00e4gga upp riktningen inf\u00f6r h\u00f6stens verksamhet. H\u00e5ll utkik i lokala annonsbladet.<\/p>\n<p>Onsdagstr\u00e4ffarna forts\u00e4tter som vanligt tills vidare.<\/p>\n<p>&nbsp;<\/p>\n","protected":false},"excerpt":{"rendered":"<p>\u00c5rets\u00a0fj\u00e4rde klubbt\u00e4vling \u00e4r genomf\u00f6rd. Temat var &#8221;Rost&#8221; och resultatet blev s\u00e5 h\u00e4r: Digitalklassen: 1.\u00a0Nils-Erik Fagerberg 2. Bosse Olsson 3. Solveig Granstr\u00f6m P\u00e5siktsklassen: 1. Gunnel Dahlstr\u00f6m 2. Lars Dahlstr\u00f6m 3. Arne Johansson Vinnarbilden i digitalklassen. Foto: Nils-Erik Fagerberg I P\u00e5siktsklassen delas &hellip; <a href=\"https:\/\/jarnafotoklubb.se\/?p=245\">Forts\u00e4tt l\u00e4sa <span class=\"meta-nav\">&rarr;<\/span><\/a><\/p>\n","protected":false},"author":1,"featured_media":0,"comment_status":"closed","ping_status":"closed","sticky":false,"template":"","format":"standard","meta":{"footnotes":""},"categories":[3],"tags":[],"class_list":["post-245","post","type-post","status-publish","format-standard","hentry","category-klubbnytt"],"_links":{"self":[{"href":"https:\/\/jarnafotoklubb.se\/index.php?rest_route=\/wp\/v2\/posts\/245","targetHints":{"allow":["GET"]}}],"collection":[{"href":"https:\/\/jarnafotoklubb.se\/index.php?rest_route=\/wp\/v2\/posts"}],"about":[{"href":"https:\/\/jarnafotoklubb.se\/index.php?rest_route=\/wp\/v2\/types\/post"}],"author":[{"embeddable":true,"href":"https:\/\/jarnafotoklubb.se\/index.php?rest_route=\/wp\/v2\/users\/1"}],"replies":[{"embeddable":true,"href":"https:\/\/jarnafotoklubb.se\/index.php?rest_route=%2Fwp%2Fv2%2Fcomments&post=245"}],"version-history":[{"count":18,"href":"https:\/\/jarnafotoklubb.se\/index.php?rest_route=\/wp\/v2\/posts\/245\/revisions"}],"predecessor-version":[{"id":281,"href":"https:\/\/jarnafotoklubb.se\/index.php?rest_route=\/wp\/v2\/posts\/245\/revisions\/281"}],"wp:attachment":[{"href":"https:\/\/jarnafotoklubb.se\/index.php?rest_route=%2Fwp%2Fv2%2Fmedia&parent=245"}],"wp:term":[{"taxonomy":"category","embeddable":true,"href":"https:\/\/jarnafotoklubb.se\/index.php?rest_route=%2Fwp%2Fv2%2Fcategories&post=245"},{"taxonomy":"post_tag","embeddable":true,"href":"https:\/\/jarnafotoklubb.se\/index.php?rest_route=%2Fwp%2Fv2%2Ftags&post=245"}],"curies":[{"name":"wp","href":"https:\/\/api.w.org\/{rel}","templated":true}]}}