{"id":189,"date":"2012-01-10T18:12:58","date_gmt":"2012-01-10T18:12:58","guid":{"rendered":"https:\/\/jarnafotoklubb.se\/?p=189"},"modified":"2012-01-10T18:12:58","modified_gmt":"2012-01-10T18:12:58","slug":"manadstavling","status":"publish","type":"post","link":"https:\/\/jarnafotoklubb.se\/?p=189","title":{"rendered":"M\u00e5nadst\u00e4vling"},"content":{"rendered":"<p><a href=\"https:\/\/jarnafotoklubb.se\/wp-content\/uploads\/2012\/01\/GD.jpg\"><\/a>\u00c5rets f\u00f6rsta klubbt\u00e4vling \u00e4r genomf\u00f6rd. Temat var &#8221;Natt&#8221; och s\u00e5 h\u00e4r blev resultatet.<\/p>\n<p>Digitalklassen:<br \/>\n1. Gunnel Dahlstr\u00f6m<br \/>\n2. Bo Olsson<br \/>\n3. Lars Dahlstr\u00f6m<\/p>\n<p>P\u00e5siktsklassen:<br \/>\n1. Anders W\u00e4sthed<br \/>\n2. Lars Dahlstr\u00f6m<br \/>\n3. Arne Johansson och Nils-Erik Fagerberg<\/p>\n<p>Vinnarbilden i Digitalklassen.<\/p>\n<p><a href=\"https:\/\/jarnafotoklubb.se\/wp-content\/uploads\/2012\/01\/GD.jpg\" target=\"_blank\"><img loading=\"lazy\" decoding=\"async\" title=\"Natt\" src=\"https:\/\/jarnafotoklubb.se\/wp-content\/uploads\/2012\/01\/GD-300x200.jpg\" alt=\"\" width=\"300\" height=\"200\" \/><\/a><br \/>\n<em>Foto: Gunnel Dahlstr\u00f6m<\/em><\/p>\n","protected":false},"excerpt":{"rendered":"<p>\u00c5rets f\u00f6rsta klubbt\u00e4vling \u00e4r genomf\u00f6rd. Temat var &#8221;Natt&#8221; och s\u00e5 h\u00e4r blev resultatet. Digitalklassen: 1. Gunnel Dahlstr\u00f6m 2. Bo Olsson 3. Lars Dahlstr\u00f6m P\u00e5siktsklassen: 1. Anders W\u00e4sthed 2. Lars Dahlstr\u00f6m 3. Arne Johansson och Nils-Erik Fagerberg Vinnarbilden i Digitalklassen. Foto: &hellip; <a href=\"https:\/\/jarnafotoklubb.se\/?p=189\">Forts\u00e4tt l\u00e4sa <span class=\"meta-nav\">&rarr;<\/span><\/a><\/p>\n","protected":false},"author":1,"featured_media":0,"comment_status":"closed","ping_status":"closed","sticky":false,"template":"","format":"standard","meta":{"footnotes":""},"categories":[3],"tags":[],"class_list":["post-189","post","type-post","status-publish","format-standard","hentry","category-klubbnytt"],"_links":{"self":[{"href":"https:\/\/jarnafotoklubb.se\/index.php?rest_route=\/wp\/v2\/posts\/189","targetHints":{"allow":["GET"]}}],"collection":[{"href":"https:\/\/jarnafotoklubb.se\/index.php?rest_route=\/wp\/v2\/posts"}],"about":[{"href":"https:\/\/jarnafotoklubb.se\/index.php?rest_route=\/wp\/v2\/types\/post"}],"author":[{"embeddable":true,"href":"https:\/\/jarnafotoklubb.se\/index.php?rest_route=\/wp\/v2\/users\/1"}],"replies":[{"embeddable":true,"href":"https:\/\/jarnafotoklubb.se\/index.php?rest_route=%2Fwp%2Fv2%2Fcomments&post=189"}],"version-history":[{"count":4,"href":"https:\/\/jarnafotoklubb.se\/index.php?rest_route=\/wp\/v2\/posts\/189\/revisions"}],"predecessor-version":[{"id":196,"href":"https:\/\/jarnafotoklubb.se\/index.php?rest_route=\/wp\/v2\/posts\/189\/revisions\/196"}],"wp:attachment":[{"href":"https:\/\/jarnafotoklubb.se\/index.php?rest_route=%2Fwp%2Fv2%2Fmedia&parent=189"}],"wp:term":[{"taxonomy":"category","embeddable":true,"href":"https:\/\/jarnafotoklubb.se\/index.php?rest_route=%2Fwp%2Fv2%2Fcategories&post=189"},{"taxonomy":"post_tag","embeddable":true,"href":"https:\/\/jarnafotoklubb.se\/index.php?rest_route=%2Fwp%2Fv2%2Ftags&post=189"}],"curies":[{"name":"wp","href":"https:\/\/api.w.org\/{rel}","templated":true}]}}