{"id":183,"date":"2012-01-09T18:57:27","date_gmt":"2012-01-09T18:57:27","guid":{"rendered":"https:\/\/jarnafotoklubb.se\/?p=183"},"modified":"2012-01-09T18:58:37","modified_gmt":"2012-01-09T18:58:37","slug":"onsdagsgruppen","status":"publish","type":"post","link":"https:\/\/jarnafotoklubb.se\/?p=183","title":{"rendered":"&#8221;Onsdagsgruppen&#8221;"},"content":{"rendered":"<p>Onsdagstr\u00e4ffarna forts\u00e4tter med start den 11 januari kl. 18.00 i klubblokalen.<br \/>\nGamla och nya ansikten h\u00e4lsas V\u00e4lkomna.<\/p>\n","protected":false},"excerpt":{"rendered":"<p>Onsdagstr\u00e4ffarna forts\u00e4tter med start den 11 januari kl. 18.00 i klubblokalen. Gamla och nya ansikten h\u00e4lsas V\u00e4lkomna.<\/p>\n","protected":false},"author":1,"featured_media":0,"comment_status":"closed","ping_status":"closed","sticky":false,"template":"","format":"standard","meta":{"footnotes":""},"categories":[3],"tags":[],"class_list":["post-183","post","type-post","status-publish","format-standard","hentry","category-klubbnytt"],"_links":{"self":[{"href":"https:\/\/jarnafotoklubb.se\/index.php?rest_route=\/wp\/v2\/posts\/183","targetHints":{"allow":["GET"]}}],"collection":[{"href":"https:\/\/jarnafotoklubb.se\/index.php?rest_route=\/wp\/v2\/posts"}],"about":[{"href":"https:\/\/jarnafotoklubb.se\/index.php?rest_route=\/wp\/v2\/types\/post"}],"author":[{"embeddable":true,"href":"https:\/\/jarnafotoklubb.se\/index.php?rest_route=\/wp\/v2\/users\/1"}],"replies":[{"embeddable":true,"href":"https:\/\/jarnafotoklubb.se\/index.php?rest_route=%2Fwp%2Fv2%2Fcomments&post=183"}],"version-history":[{"count":3,"href":"https:\/\/jarnafotoklubb.se\/index.php?rest_route=\/wp\/v2\/posts\/183\/revisions"}],"predecessor-version":[{"id":187,"href":"https:\/\/jarnafotoklubb.se\/index.php?rest_route=\/wp\/v2\/posts\/183\/revisions\/187"}],"wp:attachment":[{"href":"https:\/\/jarnafotoklubb.se\/index.php?rest_route=%2Fwp%2Fv2%2Fmedia&parent=183"}],"wp:term":[{"taxonomy":"category","embeddable":true,"href":"https:\/\/jarnafotoklubb.se\/index.php?rest_route=%2Fwp%2Fv2%2Fcategories&post=183"},{"taxonomy":"post_tag","embeddable":true,"href":"https:\/\/jarnafotoklubb.se\/index.php?rest_route=%2Fwp%2Fv2%2Ftags&post=183"}],"curies":[{"name":"wp","href":"https:\/\/api.w.org\/{rel}","templated":true}]}}