{"id":180,"date":"2011-12-25T09:13:46","date_gmt":"2011-12-25T09:13:46","guid":{"rendered":"https:\/\/jarnafotoklubb.se\/?p=180"},"modified":"2013-03-06T17:24:48","modified_gmt":"2013-03-06T17:24:48","slug":"manadsmote","status":"publish","type":"post","link":"https:\/\/jarnafotoklubb.se\/?p=180","title":{"rendered":"M\u00e5nadsm\u00f6te"},"content":{"rendered":"<p>Kom ih\u00e5g m\u00e5nadsm\u00f6tet M\u00e5ndag 9 januari kl. 18.30 i klubblokalen.<br \/>\nM\u00e5nadst\u00e4vling med tema: &#8221;Natt&#8221;.<\/p>\n<p>V\u00e4lkomna<\/p>\n","protected":false},"excerpt":{"rendered":"<p>Kom ih\u00e5g m\u00e5nadsm\u00f6tet M\u00e5ndag 9 januari kl. 18.30 i klubblokalen. M\u00e5nadst\u00e4vling med tema: &#8221;Natt&#8221;. V\u00e4lkomna<\/p>\n","protected":false},"author":1,"featured_media":0,"comment_status":"closed","ping_status":"closed","sticky":false,"template":"","format":"standard","meta":{"footnotes":""},"categories":[3],"tags":[],"class_list":["post-180","post","type-post","status-publish","format-standard","hentry","category-klubbnytt"],"_links":{"self":[{"href":"https:\/\/jarnafotoklubb.se\/index.php?rest_route=\/wp\/v2\/posts\/180","targetHints":{"allow":["GET"]}}],"collection":[{"href":"https:\/\/jarnafotoklubb.se\/index.php?rest_route=\/wp\/v2\/posts"}],"about":[{"href":"https:\/\/jarnafotoklubb.se\/index.php?rest_route=\/wp\/v2\/types\/post"}],"author":[{"embeddable":true,"href":"https:\/\/jarnafotoklubb.se\/index.php?rest_route=\/wp\/v2\/users\/1"}],"replies":[{"embeddable":true,"href":"https:\/\/jarnafotoklubb.se\/index.php?rest_route=%2Fwp%2Fv2%2Fcomments&post=180"}],"version-history":[{"count":3,"href":"https:\/\/jarnafotoklubb.se\/index.php?rest_route=\/wp\/v2\/posts\/180\/revisions"}],"predecessor-version":[{"id":513,"href":"https:\/\/jarnafotoklubb.se\/index.php?rest_route=\/wp\/v2\/posts\/180\/revisions\/513"}],"wp:attachment":[{"href":"https:\/\/jarnafotoklubb.se\/index.php?rest_route=%2Fwp%2Fv2%2Fmedia&parent=180"}],"wp:term":[{"taxonomy":"category","embeddable":true,"href":"https:\/\/jarnafotoklubb.se\/index.php?rest_route=%2Fwp%2Fv2%2Fcategories&post=180"},{"taxonomy":"post_tag","embeddable":true,"href":"https:\/\/jarnafotoklubb.se\/index.php?rest_route=%2Fwp%2Fv2%2Ftags&post=180"}],"curies":[{"name":"wp","href":"https:\/\/api.w.org\/{rel}","templated":true}]}}