{"id":175,"date":"2011-11-19T19:12:56","date_gmt":"2011-11-19T19:12:56","guid":{"rendered":"https:\/\/jarnafotoklubb.se\/?p=175"},"modified":"2011-11-19T19:12:56","modified_gmt":"2011-11-19T19:12:56","slug":"fotoutstallning","status":"publish","type":"post","link":"https:\/\/jarnafotoklubb.se\/?p=175","title":{"rendered":"Fotoutst\u00e4llning"},"content":{"rendered":"<p>J\u00e4rna fotoklubb st\u00e4ller ut bilder i biblioteket, Dala-J\u00e4rna den 27 november kl. 14-19.<br \/>\nBilder ur klubbens arkiv samt medlemmars bilder visas.<br \/>\nV\u00e4lkomna!<\/p>\n","protected":false},"excerpt":{"rendered":"<p>J\u00e4rna fotoklubb st\u00e4ller ut bilder i biblioteket, Dala-J\u00e4rna den 27 november kl. 14-19. Bilder ur klubbens arkiv samt medlemmars bilder visas. V\u00e4lkomna!<\/p>\n","protected":false},"author":1,"featured_media":0,"comment_status":"closed","ping_status":"closed","sticky":false,"template":"","format":"standard","meta":{"footnotes":""},"categories":[3],"tags":[],"class_list":["post-175","post","type-post","status-publish","format-standard","hentry","category-klubbnytt"],"_links":{"self":[{"href":"https:\/\/jarnafotoklubb.se\/index.php?rest_route=\/wp\/v2\/posts\/175","targetHints":{"allow":["GET"]}}],"collection":[{"href":"https:\/\/jarnafotoklubb.se\/index.php?rest_route=\/wp\/v2\/posts"}],"about":[{"href":"https:\/\/jarnafotoklubb.se\/index.php?rest_route=\/wp\/v2\/types\/post"}],"author":[{"embeddable":true,"href":"https:\/\/jarnafotoklubb.se\/index.php?rest_route=\/wp\/v2\/users\/1"}],"replies":[{"embeddable":true,"href":"https:\/\/jarnafotoklubb.se\/index.php?rest_route=%2Fwp%2Fv2%2Fcomments&post=175"}],"version-history":[{"count":2,"href":"https:\/\/jarnafotoklubb.se\/index.php?rest_route=\/wp\/v2\/posts\/175\/revisions"}],"predecessor-version":[{"id":177,"href":"https:\/\/jarnafotoklubb.se\/index.php?rest_route=\/wp\/v2\/posts\/175\/revisions\/177"}],"wp:attachment":[{"href":"https:\/\/jarnafotoklubb.se\/index.php?rest_route=%2Fwp%2Fv2%2Fmedia&parent=175"}],"wp:term":[{"taxonomy":"category","embeddable":true,"href":"https:\/\/jarnafotoklubb.se\/index.php?rest_route=%2Fwp%2Fv2%2Fcategories&post=175"},{"taxonomy":"post_tag","embeddable":true,"href":"https:\/\/jarnafotoklubb.se\/index.php?rest_route=%2Fwp%2Fv2%2Ftags&post=175"}],"curies":[{"name":"wp","href":"https:\/\/api.w.org\/{rel}","templated":true}]}}