{"id":170,"date":"2011-09-20T16:31:23","date_gmt":"2011-09-20T16:31:23","guid":{"rendered":"https:\/\/jarnafotoklubb.se\/?p=170"},"modified":"2011-09-20T16:32:56","modified_gmt":"2011-09-20T16:32:56","slug":"bildradion","status":"publish","type":"post","link":"https:\/\/jarnafotoklubb.se\/?p=170","title":{"rendered":"Bildradion"},"content":{"rendered":"<p>Lyssnar ni p\u00e5 bildradion? Om inte, g\u00f6r ett bes\u00f6k p\u00e5 <a href=\"http:\/\/www.bildradion.se\/\" target=_blank>http:\/\/www.bildradion.se\/<\/a>.<br \/>\nG\u00f6ran Segeholm, skribent, fotograf, f\u00f6rel\u00e4sare mm skriver f\u00f6ljande:<\/p>\n<p>Genom bildradion vill jag f\u00f6rena mitt intresse f\u00f6r fotografisk bild med min f\u00f6rtjusning f\u00f6r radio. Jag vill att bildradion ska stimulera ditt bildt\u00e4nk och kittla din nyfikenhet. F\u00f6r min personliga del \u00e4r bildradion ett bra alibi f\u00f6r att f\u00e5 \u00e4gna tid \u00e5t sp\u00e4nnande fr\u00e5gest\u00e4llningar.<\/p>\n","protected":false},"excerpt":{"rendered":"<p>Lyssnar ni p\u00e5 bildradion? Om inte, g\u00f6r ett bes\u00f6k p\u00e5 http:\/\/www.bildradion.se\/. G\u00f6ran Segeholm, skribent, fotograf, f\u00f6rel\u00e4sare mm skriver f\u00f6ljande: Genom bildradion vill jag f\u00f6rena mitt intresse f\u00f6r fotografisk bild med min f\u00f6rtjusning f\u00f6r radio. Jag vill att bildradion ska stimulera &hellip; <a href=\"https:\/\/jarnafotoklubb.se\/?p=170\">Forts\u00e4tt l\u00e4sa <span class=\"meta-nav\">&rarr;<\/span><\/a><\/p>\n","protected":false},"author":1,"featured_media":0,"comment_status":"closed","ping_status":"closed","sticky":false,"template":"","format":"standard","meta":{"footnotes":""},"categories":[1],"tags":[],"class_list":["post-170","post","type-post","status-publish","format-standard","hentry","category-okategoriserade"],"_links":{"self":[{"href":"https:\/\/jarnafotoklubb.se\/index.php?rest_route=\/wp\/v2\/posts\/170","targetHints":{"allow":["GET"]}}],"collection":[{"href":"https:\/\/jarnafotoklubb.se\/index.php?rest_route=\/wp\/v2\/posts"}],"about":[{"href":"https:\/\/jarnafotoklubb.se\/index.php?rest_route=\/wp\/v2\/types\/post"}],"author":[{"embeddable":true,"href":"https:\/\/jarnafotoklubb.se\/index.php?rest_route=\/wp\/v2\/users\/1"}],"replies":[{"embeddable":true,"href":"https:\/\/jarnafotoklubb.se\/index.php?rest_route=%2Fwp%2Fv2%2Fcomments&post=170"}],"version-history":[{"count":4,"href":"https:\/\/jarnafotoklubb.se\/index.php?rest_route=\/wp\/v2\/posts\/170\/revisions"}],"predecessor-version":[{"id":173,"href":"https:\/\/jarnafotoklubb.se\/index.php?rest_route=\/wp\/v2\/posts\/170\/revisions\/173"}],"wp:attachment":[{"href":"https:\/\/jarnafotoklubb.se\/index.php?rest_route=%2Fwp%2Fv2%2Fmedia&parent=170"}],"wp:term":[{"taxonomy":"category","embeddable":true,"href":"https:\/\/jarnafotoklubb.se\/index.php?rest_route=%2Fwp%2Fv2%2Fcategories&post=170"},{"taxonomy":"post_tag","embeddable":true,"href":"https:\/\/jarnafotoklubb.se\/index.php?rest_route=%2Fwp%2Fv2%2Ftags&post=170"}],"curies":[{"name":"wp","href":"https:\/\/api.w.org\/{rel}","templated":true}]}}