{"id":164,"date":"2011-09-20T16:13:38","date_gmt":"2011-09-20T16:13:38","guid":{"rendered":"https:\/\/jarnafotoklubb.se\/?p=164"},"modified":"2011-09-20T16:13:38","modified_gmt":"2011-09-20T16:13:38","slug":"dala-digitalsalong-2011","status":"publish","type":"post","link":"https:\/\/jarnafotoklubb.se\/?p=164","title":{"rendered":"Dala Digitalsalong 2011"},"content":{"rendered":"<p>Gl\u00f6m inte att l\u00e4mna in bilder till Dala Digitalsalong 2011.<br \/>\nSe inbjudningar <a href=\"dala_dig_2011_inbjudanb.pdf\" target=_blank>h\u00e4r&#8230;&#8230;.<\/a>.\u00a0\u00a0 <a href=\"inbjudan_bildspel_Dala_Dig_2011.pdf\" target=_blank>och h\u00e4r<\/a>.<\/p>\n","protected":false},"excerpt":{"rendered":"<p>Gl\u00f6m inte att l\u00e4mna in bilder till Dala Digitalsalong 2011. Se inbjudningar h\u00e4r&#8230;&#8230;..\u00a0\u00a0 och h\u00e4r.<\/p>\n","protected":false},"author":1,"featured_media":0,"comment_status":"closed","ping_status":"closed","sticky":false,"template":"","format":"standard","meta":{"footnotes":""},"categories":[3],"tags":[],"class_list":["post-164","post","type-post","status-publish","format-standard","hentry","category-klubbnytt"],"_links":{"self":[{"href":"https:\/\/jarnafotoklubb.se\/index.php?rest_route=\/wp\/v2\/posts\/164","targetHints":{"allow":["GET"]}}],"collection":[{"href":"https:\/\/jarnafotoklubb.se\/index.php?rest_route=\/wp\/v2\/posts"}],"about":[{"href":"https:\/\/jarnafotoklubb.se\/index.php?rest_route=\/wp\/v2\/types\/post"}],"author":[{"embeddable":true,"href":"https:\/\/jarnafotoklubb.se\/index.php?rest_route=\/wp\/v2\/users\/1"}],"replies":[{"embeddable":true,"href":"https:\/\/jarnafotoklubb.se\/index.php?rest_route=%2Fwp%2Fv2%2Fcomments&post=164"}],"version-history":[{"count":2,"href":"https:\/\/jarnafotoklubb.se\/index.php?rest_route=\/wp\/v2\/posts\/164\/revisions"}],"predecessor-version":[{"id":166,"href":"https:\/\/jarnafotoklubb.se\/index.php?rest_route=\/wp\/v2\/posts\/164\/revisions\/166"}],"wp:attachment":[{"href":"https:\/\/jarnafotoklubb.se\/index.php?rest_route=%2Fwp%2Fv2%2Fmedia&parent=164"}],"wp:term":[{"taxonomy":"category","embeddable":true,"href":"https:\/\/jarnafotoklubb.se\/index.php?rest_route=%2Fwp%2Fv2%2Fcategories&post=164"},{"taxonomy":"post_tag","embeddable":true,"href":"https:\/\/jarnafotoklubb.se\/index.php?rest_route=%2Fwp%2Fv2%2Ftags&post=164"}],"curies":[{"name":"wp","href":"https:\/\/api.w.org\/{rel}","templated":true}]}}