{"id":154,"date":"2011-09-20T15:54:11","date_gmt":"2011-09-20T15:54:11","guid":{"rendered":"https:\/\/jarnafotoklubb.se\/?p=154"},"modified":"2013-03-08T09:39:22","modified_gmt":"2013-03-08T09:39:22","slug":"onsdagstraffar","status":"publish","type":"post","link":"https:\/\/jarnafotoklubb.se\/?p=154","title":{"rendered":"Onsdagstr\u00e4ffar"},"content":{"rendered":"<p>Onsdagstr\u00e4ffarna har startat igen. Den 21\/9 kl. 18.00 tr\u00e4ffas vi vid Sn\u00f6\u00e5n f\u00f6r utomhusfotografering. Vid d\u00e5ligt v\u00e4der \u00e4r vi i klubblokalen.<br \/>\nTr\u00e4ffarna forts\u00e4tter under h\u00f6sten varje onsdag kl 18.00 om ej annat meddelas.<\/p>\n","protected":false},"excerpt":{"rendered":"<p>Onsdagstr\u00e4ffarna har startat igen. Den 21\/9 kl. 18.00 tr\u00e4ffas vi vid Sn\u00f6\u00e5n f\u00f6r utomhusfotografering. Vid d\u00e5ligt v\u00e4der \u00e4r vi i klubblokalen. Tr\u00e4ffarna forts\u00e4tter under h\u00f6sten varje onsdag kl 18.00 om ej annat meddelas.<\/p>\n","protected":false},"author":1,"featured_media":0,"comment_status":"closed","ping_status":"closed","sticky":false,"template":"","format":"standard","meta":{"footnotes":""},"categories":[3],"tags":[],"class_list":["post-154","post","type-post","status-publish","format-standard","hentry","category-klubbnytt"],"_links":{"self":[{"href":"https:\/\/jarnafotoklubb.se\/index.php?rest_route=\/wp\/v2\/posts\/154","targetHints":{"allow":["GET"]}}],"collection":[{"href":"https:\/\/jarnafotoklubb.se\/index.php?rest_route=\/wp\/v2\/posts"}],"about":[{"href":"https:\/\/jarnafotoklubb.se\/index.php?rest_route=\/wp\/v2\/types\/post"}],"author":[{"embeddable":true,"href":"https:\/\/jarnafotoklubb.se\/index.php?rest_route=\/wp\/v2\/users\/1"}],"replies":[{"embeddable":true,"href":"https:\/\/jarnafotoklubb.se\/index.php?rest_route=%2Fwp%2Fv2%2Fcomments&post=154"}],"version-history":[{"count":4,"href":"https:\/\/jarnafotoklubb.se\/index.php?rest_route=\/wp\/v2\/posts\/154\/revisions"}],"predecessor-version":[{"id":543,"href":"https:\/\/jarnafotoklubb.se\/index.php?rest_route=\/wp\/v2\/posts\/154\/revisions\/543"}],"wp:attachment":[{"href":"https:\/\/jarnafotoklubb.se\/index.php?rest_route=%2Fwp%2Fv2%2Fmedia&parent=154"}],"wp:term":[{"taxonomy":"category","embeddable":true,"href":"https:\/\/jarnafotoklubb.se\/index.php?rest_route=%2Fwp%2Fv2%2Fcategories&post=154"},{"taxonomy":"post_tag","embeddable":true,"href":"https:\/\/jarnafotoklubb.se\/index.php?rest_route=%2Fwp%2Fv2%2Ftags&post=154"}],"curies":[{"name":"wp","href":"https:\/\/api.w.org\/{rel}","templated":true}]}}