{"id":146,"date":"2011-07-29T19:41:08","date_gmt":"2011-07-29T19:41:08","guid":{"rendered":"https:\/\/jarnafotoklubb.se\/?p=146"},"modified":"2011-07-29T19:42:55","modified_gmt":"2011-07-29T19:42:55","slug":"upptaktstraff","status":"publish","type":"post","link":"https:\/\/jarnafotoklubb.se\/?p=146","title":{"rendered":"Upptaktstr\u00e4ff!"},"content":{"rendered":"<p>J\u00e4rna fotoklubb har upptaktstr\u00e4ff vid Rygg\u00e5sstugan, Sn\u00f6\u00e5n p\u00e5<br \/>\nS\u00f6ndag 7 aug. kl. 18.30. OBS! Ingen fotot\u00e4vling vid detta tillf\u00e4lle.<\/p>\n<p>Gamla som nya medlemmar h\u00e4lsas V\u00e4lkomna.<\/p>\n","protected":false},"excerpt":{"rendered":"<p>J\u00e4rna fotoklubb har upptaktstr\u00e4ff vid Rygg\u00e5sstugan, Sn\u00f6\u00e5n p\u00e5 S\u00f6ndag 7 aug. kl. 18.30. OBS! Ingen fotot\u00e4vling vid detta tillf\u00e4lle. Gamla som nya medlemmar h\u00e4lsas V\u00e4lkomna.<\/p>\n","protected":false},"author":1,"featured_media":0,"comment_status":"closed","ping_status":"closed","sticky":false,"template":"","format":"standard","meta":{"footnotes":""},"categories":[3],"tags":[],"class_list":["post-146","post","type-post","status-publish","format-standard","hentry","category-klubbnytt"],"_links":{"self":[{"href":"https:\/\/jarnafotoklubb.se\/index.php?rest_route=\/wp\/v2\/posts\/146","targetHints":{"allow":["GET"]}}],"collection":[{"href":"https:\/\/jarnafotoklubb.se\/index.php?rest_route=\/wp\/v2\/posts"}],"about":[{"href":"https:\/\/jarnafotoklubb.se\/index.php?rest_route=\/wp\/v2\/types\/post"}],"author":[{"embeddable":true,"href":"https:\/\/jarnafotoklubb.se\/index.php?rest_route=\/wp\/v2\/users\/1"}],"replies":[{"embeddable":true,"href":"https:\/\/jarnafotoklubb.se\/index.php?rest_route=%2Fwp%2Fv2%2Fcomments&post=146"}],"version-history":[{"count":4,"href":"https:\/\/jarnafotoklubb.se\/index.php?rest_route=\/wp\/v2\/posts\/146\/revisions"}],"predecessor-version":[{"id":150,"href":"https:\/\/jarnafotoklubb.se\/index.php?rest_route=\/wp\/v2\/posts\/146\/revisions\/150"}],"wp:attachment":[{"href":"https:\/\/jarnafotoklubb.se\/index.php?rest_route=%2Fwp%2Fv2%2Fmedia&parent=146"}],"wp:term":[{"taxonomy":"category","embeddable":true,"href":"https:\/\/jarnafotoklubb.se\/index.php?rest_route=%2Fwp%2Fv2%2Fcategories&post=146"},{"taxonomy":"post_tag","embeddable":true,"href":"https:\/\/jarnafotoklubb.se\/index.php?rest_route=%2Fwp%2Fv2%2Ftags&post=146"}],"curies":[{"name":"wp","href":"https:\/\/api.w.org\/{rel}","templated":true}]}}