{"id":138,"date":"2011-05-05T10:16:13","date_gmt":"2011-05-05T10:16:13","guid":{"rendered":"https:\/\/jarnafotoklubb.se\/?p=138"},"modified":"2013-03-08T04:26:30","modified_gmt":"2013-03-08T04:26:30","slug":"manadens-bild-2","status":"publish","type":"post","link":"https:\/\/jarnafotoklubb.se\/?p=138","title":{"rendered":"M\u00e5nadens bild."},"content":{"rendered":"<p>Maj m\u00e5nads klubbt\u00e4vling hade temat Portr\u00e4tt.<br \/>\nResultat:<\/p>\n<p>Digitalklassen:<br \/>\n1. Arne Johansson<br \/>\n2. Nils-Erik Fagerberg<br \/>\n3. Bosse Olsson<\/p>\n<p>P\u00e5siktsklassen:<br \/>\n1. Arne Johansson<br \/>\n2. Gunnel Dahlstr\u00f6m, Nils-Erik Fagerberg<\/p>\n<p>Vinnarbilden i klass Digital:<\/p>\n<p><a href=\"https:\/\/jarnafotoklubb.se\/wp-content\/uploads\/2011\/05\/ArneJ.jpg\" target=\"_blank\"><img loading=\"lazy\" decoding=\"async\" class=\"alignnone size-medium wp-image-139\" title=\"Vinnarbild\" src=\"https:\/\/jarnafotoklubb.se\/wp-content\/uploads\/2011\/05\/ArneJ-300x195.jpg\" alt=\"\" width=\"300\" height=\"195\" srcset=\"https:\/\/jarnafotoklubb.se\/wp-content\/uploads\/2011\/05\/ArneJ-300x195.jpg 300w, https:\/\/jarnafotoklubb.se\/wp-content\/uploads\/2011\/05\/ArneJ.jpg 1024w\" sizes=\"auto, (max-width: 300px) 100vw, 300px\" \/><\/a><br \/>\n<em>Foto: Arne Johansson.<\/em><\/p>\n","protected":false},"excerpt":{"rendered":"<p>Maj m\u00e5nads klubbt\u00e4vling hade temat Portr\u00e4tt. Resultat: Digitalklassen: 1. Arne Johansson 2. Nils-Erik Fagerberg 3. Bosse Olsson P\u00e5siktsklassen: 1. Arne Johansson 2. Gunnel Dahlstr\u00f6m, Nils-Erik Fagerberg Vinnarbilden i klass Digital: Foto: Arne Johansson.<\/p>\n","protected":false},"author":1,"featured_media":0,"comment_status":"closed","ping_status":"closed","sticky":false,"template":"","format":"standard","meta":{"footnotes":""},"categories":[3],"tags":[],"class_list":["post-138","post","type-post","status-publish","format-standard","hentry","category-klubbnytt"],"_links":{"self":[{"href":"https:\/\/jarnafotoklubb.se\/index.php?rest_route=\/wp\/v2\/posts\/138","targetHints":{"allow":["GET"]}}],"collection":[{"href":"https:\/\/jarnafotoklubb.se\/index.php?rest_route=\/wp\/v2\/posts"}],"about":[{"href":"https:\/\/jarnafotoklubb.se\/index.php?rest_route=\/wp\/v2\/types\/post"}],"author":[{"embeddable":true,"href":"https:\/\/jarnafotoklubb.se\/index.php?rest_route=\/wp\/v2\/users\/1"}],"replies":[{"embeddable":true,"href":"https:\/\/jarnafotoklubb.se\/index.php?rest_route=%2Fwp%2Fv2%2Fcomments&post=138"}],"version-history":[{"count":4,"href":"https:\/\/jarnafotoklubb.se\/index.php?rest_route=\/wp\/v2\/posts\/138\/revisions"}],"predecessor-version":[{"id":520,"href":"https:\/\/jarnafotoklubb.se\/index.php?rest_route=\/wp\/v2\/posts\/138\/revisions\/520"}],"wp:attachment":[{"href":"https:\/\/jarnafotoklubb.se\/index.php?rest_route=%2Fwp%2Fv2%2Fmedia&parent=138"}],"wp:term":[{"taxonomy":"category","embeddable":true,"href":"https:\/\/jarnafotoklubb.se\/index.php?rest_route=%2Fwp%2Fv2%2Fcategories&post=138"},{"taxonomy":"post_tag","embeddable":true,"href":"https:\/\/jarnafotoklubb.se\/index.php?rest_route=%2Fwp%2Fv2%2Ftags&post=138"}],"curies":[{"name":"wp","href":"https:\/\/api.w.org\/{rel}","templated":true}]}}