{"id":112,"date":"2011-04-11T13:51:23","date_gmt":"2011-04-11T13:51:23","guid":{"rendered":"https:\/\/jarnafotoklubb.se\/?p=112"},"modified":"2011-04-15T05:51:59","modified_gmt":"2011-04-15T05:51:59","slug":"bildradion-antligen-tillbaks","status":"publish","type":"post","link":"https:\/\/jarnafotoklubb.se\/?p=112","title":{"rendered":"Bildradion \u00e4ntligen tillbaka!"},"content":{"rendered":"<p>Efter ett halvt \u00e5rs uppeh\u00e5ll \u00e4r G\u00f6ran Segeholm \u00e4ntligen\u00a0tillbaka med Bildradion. Ett mycket intressant radioprogram om fotografi. Ladda ned till din iPod eller lyssna direkt i webl\u00e4saren.<br \/>\n<a href=\"http:\/\/www.bildradion.se\/\" target=_blank>Bildradion<\/a><\/p>\n","protected":false},"excerpt":{"rendered":"<p>Efter ett halvt \u00e5rs uppeh\u00e5ll \u00e4r G\u00f6ran Segeholm \u00e4ntligen\u00a0tillbaka med Bildradion. Ett mycket intressant radioprogram om fotografi. Ladda ned till din iPod eller lyssna direkt i webl\u00e4saren. Bildradion<\/p>\n","protected":false},"author":1,"featured_media":0,"comment_status":"closed","ping_status":"closed","sticky":false,"template":"","format":"standard","meta":{"footnotes":""},"categories":[1],"tags":[],"class_list":["post-112","post","type-post","status-publish","format-standard","hentry","category-okategoriserade"],"_links":{"self":[{"href":"https:\/\/jarnafotoklubb.se\/index.php?rest_route=\/wp\/v2\/posts\/112","targetHints":{"allow":["GET"]}}],"collection":[{"href":"https:\/\/jarnafotoklubb.se\/index.php?rest_route=\/wp\/v2\/posts"}],"about":[{"href":"https:\/\/jarnafotoklubb.se\/index.php?rest_route=\/wp\/v2\/types\/post"}],"author":[{"embeddable":true,"href":"https:\/\/jarnafotoklubb.se\/index.php?rest_route=\/wp\/v2\/users\/1"}],"replies":[{"embeddable":true,"href":"https:\/\/jarnafotoklubb.se\/index.php?rest_route=%2Fwp%2Fv2%2Fcomments&post=112"}],"version-history":[{"count":5,"href":"https:\/\/jarnafotoklubb.se\/index.php?rest_route=\/wp\/v2\/posts\/112\/revisions"}],"predecessor-version":[{"id":120,"href":"https:\/\/jarnafotoklubb.se\/index.php?rest_route=\/wp\/v2\/posts\/112\/revisions\/120"}],"wp:attachment":[{"href":"https:\/\/jarnafotoklubb.se\/index.php?rest_route=%2Fwp%2Fv2%2Fmedia&parent=112"}],"wp:term":[{"taxonomy":"category","embeddable":true,"href":"https:\/\/jarnafotoklubb.se\/index.php?rest_route=%2Fwp%2Fv2%2Fcategories&post=112"},{"taxonomy":"post_tag","embeddable":true,"href":"https:\/\/jarnafotoklubb.se\/index.php?rest_route=%2Fwp%2Fv2%2Ftags&post=112"}],"curies":[{"name":"wp","href":"https:\/\/api.w.org\/{rel}","templated":true}]}}