{"id":105,"date":"2011-04-05T18:39:28","date_gmt":"2011-04-05T18:39:28","guid":{"rendered":"https:\/\/jarnafotoklubb.se\/?p=105"},"modified":"2011-04-05T18:39:28","modified_gmt":"2011-04-05T18:39:28","slug":"manadens-bild","status":"publish","type":"post","link":"https:\/\/jarnafotoklubb.se\/?p=105","title":{"rendered":"M\u00e5nadens bild."},"content":{"rendered":"<p>Resultat fr\u00e5n J\u00e4rna Fotoklubbs m\u00e5nadst\u00e4vling f\u00f6r april. Tema: Humor.<\/p>\n<p>Digitalklassen:<br \/>\n1. Mikael Nordin<br \/>\n2. Lars Dahlstr\u00f6m<br \/>\n3. Ewa S\u00e4ther-Elofsson<\/p>\n<p>P\u00e5siktsklassen:<br \/>\n1. Torsten Eirydh<br \/>\n2. Lars Dahlstr\u00f6m<br \/>\n3. \u00c5sa Weidenstolpe<\/p>\n<p>H\u00e4r \u00e4r de vinnande bidragen.<\/p>\n<p><a href=\"https:\/\/jarnafotoklubb.se\/wp-content\/uploads\/2011\/04\/MN1104.jpg\" target=\"_blank\"><img loading=\"lazy\" decoding=\"async\" class=\"alignnone size-medium wp-image-106\" title=\"MN1104\" src=\"https:\/\/jarnafotoklubb.se\/wp-content\/uploads\/2011\/04\/MN1104-199x300.jpg\" alt=\"\" width=\"199\" height=\"300\" srcset=\"https:\/\/jarnafotoklubb.se\/wp-content\/uploads\/2011\/04\/MN1104-199x300.jpg 199w, https:\/\/jarnafotoklubb.se\/wp-content\/uploads\/2011\/04\/MN1104.jpg 664w\" sizes=\"auto, (max-width: 199px) 100vw, 199px\" \/><\/a><br \/>\n<em>Foto: Mikael Nordin<\/em><\/p>\n<p><a href=\"https:\/\/jarnafotoklubb.se\/wp-content\/uploads\/2011\/04\/TE.jpg\" target=\"_blank\"><img loading=\"lazy\" decoding=\"async\" class=\"alignnone size-medium wp-image-107\" title=\"TE\" src=\"https:\/\/jarnafotoklubb.se\/wp-content\/uploads\/2011\/04\/TE-300x205.jpg\" alt=\"\" width=\"300\" height=\"205\" srcset=\"https:\/\/jarnafotoklubb.se\/wp-content\/uploads\/2011\/04\/TE-300x205.jpg 300w, https:\/\/jarnafotoklubb.se\/wp-content\/uploads\/2011\/04\/TE-1024x702.jpg 1024w, https:\/\/jarnafotoklubb.se\/wp-content\/uploads\/2011\/04\/TE.jpg 1772w\" sizes=\"auto, (max-width: 300px) 100vw, 300px\" \/><\/a><br \/>\n<em>Foto: Torsten Eirydh<\/em><\/p>\n","protected":false},"excerpt":{"rendered":"<p>Resultat fr\u00e5n J\u00e4rna Fotoklubbs m\u00e5nadst\u00e4vling f\u00f6r april. Tema: Humor. Digitalklassen: 1. Mikael Nordin 2. Lars Dahlstr\u00f6m 3. Ewa S\u00e4ther-Elofsson P\u00e5siktsklassen: 1. Torsten Eirydh 2. Lars Dahlstr\u00f6m 3. \u00c5sa Weidenstolpe H\u00e4r \u00e4r de vinnande bidragen. Foto: Mikael Nordin Foto: Torsten Eirydh<\/p>\n","protected":false},"author":1,"featured_media":0,"comment_status":"closed","ping_status":"closed","sticky":false,"template":"","format":"standard","meta":{"footnotes":""},"categories":[3],"tags":[],"class_list":["post-105","post","type-post","status-publish","format-standard","hentry","category-klubbnytt"],"_links":{"self":[{"href":"https:\/\/jarnafotoklubb.se\/index.php?rest_route=\/wp\/v2\/posts\/105","targetHints":{"allow":["GET"]}}],"collection":[{"href":"https:\/\/jarnafotoklubb.se\/index.php?rest_route=\/wp\/v2\/posts"}],"about":[{"href":"https:\/\/jarnafotoklubb.se\/index.php?rest_route=\/wp\/v2\/types\/post"}],"author":[{"embeddable":true,"href":"https:\/\/jarnafotoklubb.se\/index.php?rest_route=\/wp\/v2\/users\/1"}],"replies":[{"embeddable":true,"href":"https:\/\/jarnafotoklubb.se\/index.php?rest_route=%2Fwp%2Fv2%2Fcomments&post=105"}],"version-history":[{"count":2,"href":"https:\/\/jarnafotoklubb.se\/index.php?rest_route=\/wp\/v2\/posts\/105\/revisions"}],"predecessor-version":[{"id":109,"href":"https:\/\/jarnafotoklubb.se\/index.php?rest_route=\/wp\/v2\/posts\/105\/revisions\/109"}],"wp:attachment":[{"href":"https:\/\/jarnafotoklubb.se\/index.php?rest_route=%2Fwp%2Fv2%2Fmedia&parent=105"}],"wp:term":[{"taxonomy":"category","embeddable":true,"href":"https:\/\/jarnafotoklubb.se\/index.php?rest_route=%2Fwp%2Fv2%2Fcategories&post=105"},{"taxonomy":"post_tag","embeddable":true,"href":"https:\/\/jarnafotoklubb.se\/index.php?rest_route=%2Fwp%2Fv2%2Ftags&post=105"}],"curies":[{"name":"wp","href":"https:\/\/api.w.org\/{rel}","templated":true}]}}