{"id":1,"date":"2011-02-11T18:49:13","date_gmt":"2011-02-11T18:49:13","guid":{"rendered":"https:\/\/jarnafotoklubb.se\/?p=1"},"modified":"2013-03-06T17:28:58","modified_gmt":"2013-03-06T17:28:58","slug":"hej-varlden","status":"publish","type":"post","link":"https:\/\/jarnafotoklubb.se\/?p=1","title":{"rendered":"V\u00e4lkommen till J\u00e4rna fotoklubb!"},"content":{"rendered":"<p>Nu bygger vi upp en ny hemsida. Titta in d\u00e5 och d\u00e5 f\u00f6r att se vad som h\u00e4nder.<\/p>\n","protected":false},"excerpt":{"rendered":"<p>Nu bygger vi upp en ny hemsida. Titta in d\u00e5 och d\u00e5 f\u00f6r att se vad som h\u00e4nder.<\/p>\n","protected":false},"author":1,"featured_media":0,"comment_status":"closed","ping_status":"closed","sticky":false,"template":"","format":"standard","meta":{"footnotes":""},"categories":[3],"tags":[],"class_list":["post-1","post","type-post","status-publish","format-standard","hentry","category-klubbnytt"],"_links":{"self":[{"href":"https:\/\/jarnafotoklubb.se\/index.php?rest_route=\/wp\/v2\/posts\/1","targetHints":{"allow":["GET"]}}],"collection":[{"href":"https:\/\/jarnafotoklubb.se\/index.php?rest_route=\/wp\/v2\/posts"}],"about":[{"href":"https:\/\/jarnafotoklubb.se\/index.php?rest_route=\/wp\/v2\/types\/post"}],"author":[{"embeddable":true,"href":"https:\/\/jarnafotoklubb.se\/index.php?rest_route=\/wp\/v2\/users\/1"}],"replies":[{"embeddable":true,"href":"https:\/\/jarnafotoklubb.se\/index.php?rest_route=%2Fwp%2Fv2%2Fcomments&post=1"}],"version-history":[{"count":4,"href":"https:\/\/jarnafotoklubb.se\/index.php?rest_route=\/wp\/v2\/posts\/1\/revisions"}],"predecessor-version":[{"id":514,"href":"https:\/\/jarnafotoklubb.se\/index.php?rest_route=\/wp\/v2\/posts\/1\/revisions\/514"}],"wp:attachment":[{"href":"https:\/\/jarnafotoklubb.se\/index.php?rest_route=%2Fwp%2Fv2%2Fmedia&parent=1"}],"wp:term":[{"taxonomy":"category","embeddable":true,"href":"https:\/\/jarnafotoklubb.se\/index.php?rest_route=%2Fwp%2Fv2%2Fcategories&post=1"},{"taxonomy":"post_tag","embeddable":true,"href":"https:\/\/jarnafotoklubb.se\/index.php?rest_route=%2Fwp%2Fv2%2Ftags&post=1"}],"curies":[{"name":"wp","href":"https:\/\/api.w.org\/{rel}","templated":true}]}}